{"id":1941,"date":"2018-03-13T18:12:56","date_gmt":"2018-03-13T18:12:56","guid":{"rendered":"https:\/\/www.beselch.com\/folk-la-fundacion\/"},"modified":"2025-01-26T13:34:26","modified_gmt":"2025-01-26T13:34:26","slug":"folk-at-the-foundation","status":"publish","type":"post","link":"https:\/\/www.beselch.com\/en\/folk-at-the-foundation\/","title":{"rendered":"Folk en la Fundaci\u00f3n"},"content":{"rendered":"<p><img loading=\"lazy\" decoding=\"async\" class=\"alignleft wp-image-713\" style=\"float: left; padding-right: 10px; padding-top: 10px;\" src=\"https:\/\/www.beselch.com\/wp-content\/uploads\/2018\/03\/DX2ssBpX4AECcGT-300x200.jpg\" alt=\"\" width=\"360\" height=\"240\" srcset=\"https:\/\/www.beselch.com\/wp-content\/uploads\/2018\/03\/DX2ssBpX4AECcGT-300x200.jpg 300w, https:\/\/www.beselch.com\/wp-content\/uploads\/2018\/03\/DX2ssBpX4AECcGT-1024x683.jpg 1024w, https:\/\/www.beselch.com\/wp-content\/uploads\/2018\/03\/DX2ssBpX4AECcGT-768x512.jpg 768w, https:\/\/www.beselch.com\/wp-content\/uploads\/2018\/03\/DX2ssBpX4AECcGT-1536x1024.jpg 1536w, https:\/\/www.beselch.com\/wp-content\/uploads\/2018\/03\/DX2ssBpX4AECcGT-272x182.jpg 272w, https:\/\/www.beselch.com\/wp-content\/uploads\/2018\/03\/DX2ssBpX4AECcGT.jpg 1920w\" sizes=\"auto, (max-width: 360px) 100vw, 360px\" \/><\/p>\n<p style=\"text-align: justify;\">On 9th March the concerts belonging to \u201cFolk en la Fundaci\u00f3n\u201d were presented during a press conference which took place in the CajaCanarias Foundation in Santa Cruz, In this series of concerts, Claudia \u00c1lamo and I will have the pleasure to perform our show \u201cMujeres, de la Voz al Mundo\u201d (Women, From the Voice to the World) on 17th May at the Espacio Cultural CajaCanarias (Cultural Space CajaCanarias). Besides, we will be sharing the line-up with artists and groups such as Mestisay (10th May), Pieles (22nd May) and Benito Cabrera with Jos\u00e9 Manuel Ramos (29th May).<\/p>\n<p style=\"text-align: justify;\">The CajaCanarias Foundation promotes the first of these series of concerts with the intention of opening a window through which local artists may show their work so that the Canarian society gets to know this updated folk trend.<\/p>\n","protected":false},"excerpt":{"rendered":"<p>On 9th March the concerts belonging to \u201cFolk en la Fundaci\u00f3n\u201d were presented during a press conference which took place in the CajaCanarias Foundation in Santa Cruz, In this series of concerts, Claudia \u00c1lamo and I will have the pleasure to perform our show \u201cMujeres, de la Voz al Mundo\u201d [&hellip;]<\/p>\n","protected":false},"author":2,"featured_media":1440,"comment_status":"open","ping_status":"closed","sticky":false,"template":"","format":"standard","meta":{"_acf_changed":false,"footnotes":""},"categories":[11],"tags":[],"class_list":["post-1941","post","type-post","status-publish","format-standard","has-post-thumbnail","hentry","category-uncategorized"],"acf":[],"yoast_head":"<!-- This site is optimized with the Yoast SEO plugin v27.4 - https:\/\/yoast.com\/product\/yoast-seo-wordpress\/ -->\n<title>Folk en la Fundaci\u00f3n - Beselch Rodr\u00edguez - Timplista<\/title>\n<meta name=\"description\" content=\"Join Beselch Rodr\u00edguez at &#039;Folk en la Fundaci\u00f3n,&#039; celebrating traditional Canarian music and its contemporary interpretations.\" \/>\n<meta name=\"robots\" content=\"index, follow, max-snippet:-1, max-image-preview:large, max-video-preview:-1\" \/>\n<link rel=\"canonical\" href=\"https:\/\/www.beselch.com\/en\/folk-at-the-foundation\/\" \/>\n<meta property=\"og:locale\" content=\"en_US\" \/>\n<meta property=\"og:type\" content=\"article\" \/>\n<meta property=\"og:title\" content=\"Folk en la Fundaci\u00f3n - Beselch Rodr\u00edguez - Timplista\" \/>\n<meta property=\"og:description\" content=\"Join Beselch Rodr\u00edguez at &#039;Folk en la Fundaci\u00f3n,&#039; celebrating traditional Canarian music and its contemporary interpretations.\" \/>\n<meta property=\"og:url\" content=\"https:\/\/www.beselch.com\/en\/folk-at-the-foundation\/\" \/>\n<meta property=\"og:site_name\" content=\"Beselch Rodr\u00edguez - Timplista\" \/>\n<meta property=\"article:published_time\" content=\"2018-03-13T18:12:56+00:00\" \/>\n<meta property=\"article:modified_time\" content=\"2025-01-26T13:34:26+00:00\" \/>\n<meta property=\"og:image\" content=\"https:\/\/www.beselch.com\/wp-content\/uploads\/2018\/03\/cabecerav2-copy.jpg\" \/>\n\t<meta property=\"og:image:width\" content=\"800\" \/>\n\t<meta property=\"og:image:height\" content=\"800\" \/>\n\t<meta property=\"og:image:type\" content=\"image\/jpeg\" \/>\n<meta name=\"author\" content=\"Beselch Rodr\u00edguez\" \/>\n<meta name=\"twitter:card\" content=\"summary_large_image\" \/>\n<meta name=\"twitter:creator\" content=\"@Beselch\" \/>\n<meta name=\"twitter:site\" content=\"@Beselch\" \/>\n<meta name=\"twitter:label1\" content=\"Written by\" \/>\n\t<meta name=\"twitter:data1\" content=\"Beselch Rodr\u00edguez\" \/>\n\t<meta name=\"twitter:label2\" content=\"Est. reading time\" \/>\n\t<meta name=\"twitter:data2\" content=\"1 minute\" \/>\n<script type=\"application\/ld+json\" class=\"yoast-schema-graph\">{\"@context\":\"https:\\\/\\\/schema.org\",\"@graph\":[{\"@type\":\"Article\",\"@id\":\"https:\\\/\\\/www.beselch.com\\\/en\\\/folk-at-the-foundation\\\/#article\",\"isPartOf\":{\"@id\":\"https:\\\/\\\/www.beselch.com\\\/en\\\/folk-at-the-foundation\\\/\"},\"author\":{\"name\":\"Beselch Rodr\u00edguez\",\"@id\":\"https:\\\/\\\/www.beselch.com\\\/en\\\/#\\\/schema\\\/person\\\/69cfa5896de7708e84582c6163eee828\"},\"headline\":\"Folk en la Fundaci\u00f3n\",\"datePublished\":\"2018-03-13T18:12:56+00:00\",\"dateModified\":\"2025-01-26T13:34:26+00:00\",\"mainEntityOfPage\":{\"@id\":\"https:\\\/\\\/www.beselch.com\\\/en\\\/folk-at-the-foundation\\\/\"},\"wordCount\":140,\"commentCount\":0,\"publisher\":{\"@id\":\"https:\\\/\\\/www.beselch.com\\\/en\\\/#\\\/schema\\\/person\\\/69cfa5896de7708e84582c6163eee828\"},\"image\":{\"@id\":\"https:\\\/\\\/www.beselch.com\\\/en\\\/folk-at-the-foundation\\\/#primaryimage\"},\"thumbnailUrl\":\"https:\\\/\\\/www.beselch.com\\\/wp-content\\\/uploads\\\/2018\\\/03\\\/cabecerav2-copy.jpg\",\"inLanguage\":\"en-US\",\"potentialAction\":[{\"@type\":\"CommentAction\",\"name\":\"Comment\",\"target\":[\"https:\\\/\\\/www.beselch.com\\\/en\\\/folk-at-the-foundation\\\/#respond\"]}]},{\"@type\":\"WebPage\",\"@id\":\"https:\\\/\\\/www.beselch.com\\\/en\\\/folk-at-the-foundation\\\/\",\"url\":\"https:\\\/\\\/www.beselch.com\\\/en\\\/folk-at-the-foundation\\\/\",\"name\":\"Folk en la Fundaci\u00f3n - Beselch Rodr\u00edguez - Timplista\",\"isPartOf\":{\"@id\":\"https:\\\/\\\/www.beselch.com\\\/en\\\/#website\"},\"primaryImageOfPage\":{\"@id\":\"https:\\\/\\\/www.beselch.com\\\/en\\\/folk-at-the-foundation\\\/#primaryimage\"},\"image\":{\"@id\":\"https:\\\/\\\/www.beselch.com\\\/en\\\/folk-at-the-foundation\\\/#primaryimage\"},\"thumbnailUrl\":\"https:\\\/\\\/www.beselch.com\\\/wp-content\\\/uploads\\\/2018\\\/03\\\/cabecerav2-copy.jpg\",\"datePublished\":\"2018-03-13T18:12:56+00:00\",\"dateModified\":\"2025-01-26T13:34:26+00:00\",\"description\":\"Join Beselch Rodr\u00edguez at 'Folk en la Fundaci\u00f3n,' celebrating traditional Canarian music and its contemporary interpretations.\",\"breadcrumb\":{\"@id\":\"https:\\\/\\\/www.beselch.com\\\/en\\\/folk-at-the-foundation\\\/#breadcrumb\"},\"inLanguage\":\"en-US\",\"potentialAction\":[{\"@type\":\"ReadAction\",\"target\":[\"https:\\\/\\\/www.beselch.com\\\/en\\\/folk-at-the-foundation\\\/\"]}]},{\"@type\":\"ImageObject\",\"inLanguage\":\"en-US\",\"@id\":\"https:\\\/\\\/www.beselch.com\\\/en\\\/folk-at-the-foundation\\\/#primaryimage\",\"url\":\"https:\\\/\\\/www.beselch.com\\\/wp-content\\\/uploads\\\/2018\\\/03\\\/cabecerav2-copy.jpg\",\"contentUrl\":\"https:\\\/\\\/www.beselch.com\\\/wp-content\\\/uploads\\\/2018\\\/03\\\/cabecerav2-copy.jpg\",\"width\":800,\"height\":800},{\"@type\":\"BreadcrumbList\",\"@id\":\"https:\\\/\\\/www.beselch.com\\\/en\\\/folk-at-the-foundation\\\/#breadcrumb\",\"itemListElement\":[{\"@type\":\"ListItem\",\"position\":1,\"name\":\"Portada\",\"item\":\"https:\\\/\\\/www.beselch.com\\\/en\\\/\"},{\"@type\":\"ListItem\",\"position\":2,\"name\":\"Folk en la Fundaci\u00f3n\"}]},{\"@type\":\"WebSite\",\"@id\":\"https:\\\/\\\/www.beselch.com\\\/en\\\/#website\",\"url\":\"https:\\\/\\\/www.beselch.com\\\/en\\\/\",\"name\":\"Beselch Rodr\u00edguez - Timplista\",\"description\":\"Web del timplista canario Beselch Rodr\u00edguez\",\"publisher\":{\"@id\":\"https:\\\/\\\/www.beselch.com\\\/en\\\/#\\\/schema\\\/person\\\/69cfa5896de7708e84582c6163eee828\"},\"potentialAction\":[{\"@type\":\"SearchAction\",\"target\":{\"@type\":\"EntryPoint\",\"urlTemplate\":\"https:\\\/\\\/www.beselch.com\\\/en\\\/?s={search_term_string}\"},\"query-input\":{\"@type\":\"PropertyValueSpecification\",\"valueRequired\":true,\"valueName\":\"search_term_string\"}}],\"inLanguage\":\"en-US\"},{\"@type\":[\"Person\",\"Organization\"],\"@id\":\"https:\\\/\\\/www.beselch.com\\\/en\\\/#\\\/schema\\\/person\\\/69cfa5896de7708e84582c6163eee828\",\"name\":\"Beselch Rodr\u00edguez\",\"image\":{\"@type\":\"ImageObject\",\"inLanguage\":\"en-US\",\"@id\":\"https:\\\/\\\/beselch.com\\\/wp-content\\\/uploads\\\/2021\\\/05\\\/BESELCH-13-ESTUDIO.jpg\",\"url\":\"https:\\\/\\\/beselch.com\\\/wp-content\\\/uploads\\\/2021\\\/05\\\/BESELCH-13-ESTUDIO.jpg\",\"contentUrl\":\"https:\\\/\\\/beselch.com\\\/wp-content\\\/uploads\\\/2021\\\/05\\\/BESELCH-13-ESTUDIO.jpg\",\"width\":2000,\"height\":1333,\"caption\":\"Beselch Rodr\u00edguez\"},\"logo\":{\"@id\":\"https:\\\/\\\/beselch.com\\\/wp-content\\\/uploads\\\/2021\\\/05\\\/BESELCH-13-ESTUDIO.jpg\"},\"sameAs\":[\"https:\\\/\\\/beselch.com\"]}]}<\/script>\n<!-- \/ Yoast SEO plugin. -->","yoast_head_json":{"title":"Folk en la Fundaci\u00f3n - Beselch Rodr\u00edguez - Timplista","description":"Join Beselch Rodr\u00edguez at 'Folk en la Fundaci\u00f3n,' celebrating traditional Canarian music and its contemporary interpretations.","robots":{"index":"index","follow":"follow","max-snippet":"max-snippet:-1","max-image-preview":"max-image-preview:large","max-video-preview":"max-video-preview:-1"},"canonical":"https:\/\/www.beselch.com\/en\/folk-at-the-foundation\/","og_locale":"en_US","og_type":"article","og_title":"Folk en la Fundaci\u00f3n - Beselch Rodr\u00edguez - Timplista","og_description":"Join Beselch Rodr\u00edguez at 'Folk en la Fundaci\u00f3n,' celebrating traditional Canarian music and its contemporary interpretations.","og_url":"https:\/\/www.beselch.com\/en\/folk-at-the-foundation\/","og_site_name":"Beselch Rodr\u00edguez - Timplista","article_published_time":"2018-03-13T18:12:56+00:00","article_modified_time":"2025-01-26T13:34:26+00:00","og_image":[{"width":800,"height":800,"url":"https:\/\/www.beselch.com\/wp-content\/uploads\/2018\/03\/cabecerav2-copy.jpg","type":"image\/jpeg"}],"author":"Beselch Rodr\u00edguez","twitter_card":"summary_large_image","twitter_creator":"@Beselch","twitter_site":"@Beselch","twitter_misc":{"Written by":"Beselch Rodr\u00edguez","Est. reading time":"1 minute"},"schema":{"@context":"https:\/\/schema.org","@graph":[{"@type":"Article","@id":"https:\/\/www.beselch.com\/en\/folk-at-the-foundation\/#article","isPartOf":{"@id":"https:\/\/www.beselch.com\/en\/folk-at-the-foundation\/"},"author":{"name":"Beselch Rodr\u00edguez","@id":"https:\/\/www.beselch.com\/en\/#\/schema\/person\/69cfa5896de7708e84582c6163eee828"},"headline":"Folk en la Fundaci\u00f3n","datePublished":"2018-03-13T18:12:56+00:00","dateModified":"2025-01-26T13:34:26+00:00","mainEntityOfPage":{"@id":"https:\/\/www.beselch.com\/en\/folk-at-the-foundation\/"},"wordCount":140,"commentCount":0,"publisher":{"@id":"https:\/\/www.beselch.com\/en\/#\/schema\/person\/69cfa5896de7708e84582c6163eee828"},"image":{"@id":"https:\/\/www.beselch.com\/en\/folk-at-the-foundation\/#primaryimage"},"thumbnailUrl":"https:\/\/www.beselch.com\/wp-content\/uploads\/2018\/03\/cabecerav2-copy.jpg","inLanguage":"en-US","potentialAction":[{"@type":"CommentAction","name":"Comment","target":["https:\/\/www.beselch.com\/en\/folk-at-the-foundation\/#respond"]}]},{"@type":"WebPage","@id":"https:\/\/www.beselch.com\/en\/folk-at-the-foundation\/","url":"https:\/\/www.beselch.com\/en\/folk-at-the-foundation\/","name":"Folk en la Fundaci\u00f3n - Beselch Rodr\u00edguez - Timplista","isPartOf":{"@id":"https:\/\/www.beselch.com\/en\/#website"},"primaryImageOfPage":{"@id":"https:\/\/www.beselch.com\/en\/folk-at-the-foundation\/#primaryimage"},"image":{"@id":"https:\/\/www.beselch.com\/en\/folk-at-the-foundation\/#primaryimage"},"thumbnailUrl":"https:\/\/www.beselch.com\/wp-content\/uploads\/2018\/03\/cabecerav2-copy.jpg","datePublished":"2018-03-13T18:12:56+00:00","dateModified":"2025-01-26T13:34:26+00:00","description":"Join Beselch Rodr\u00edguez at 'Folk en la Fundaci\u00f3n,' celebrating traditional Canarian music and its contemporary interpretations.","breadcrumb":{"@id":"https:\/\/www.beselch.com\/en\/folk-at-the-foundation\/#breadcrumb"},"inLanguage":"en-US","potentialAction":[{"@type":"ReadAction","target":["https:\/\/www.beselch.com\/en\/folk-at-the-foundation\/"]}]},{"@type":"ImageObject","inLanguage":"en-US","@id":"https:\/\/www.beselch.com\/en\/folk-at-the-foundation\/#primaryimage","url":"https:\/\/www.beselch.com\/wp-content\/uploads\/2018\/03\/cabecerav2-copy.jpg","contentUrl":"https:\/\/www.beselch.com\/wp-content\/uploads\/2018\/03\/cabecerav2-copy.jpg","width":800,"height":800},{"@type":"BreadcrumbList","@id":"https:\/\/www.beselch.com\/en\/folk-at-the-foundation\/#breadcrumb","itemListElement":[{"@type":"ListItem","position":1,"name":"Portada","item":"https:\/\/www.beselch.com\/en\/"},{"@type":"ListItem","position":2,"name":"Folk en la Fundaci\u00f3n"}]},{"@type":"WebSite","@id":"https:\/\/www.beselch.com\/en\/#website","url":"https:\/\/www.beselch.com\/en\/","name":"Beselch Rodr\u00edguez - Timplista","description":"Web del timplista canario Beselch Rodr\u00edguez","publisher":{"@id":"https:\/\/www.beselch.com\/en\/#\/schema\/person\/69cfa5896de7708e84582c6163eee828"},"potentialAction":[{"@type":"SearchAction","target":{"@type":"EntryPoint","urlTemplate":"https:\/\/www.beselch.com\/en\/?s={search_term_string}"},"query-input":{"@type":"PropertyValueSpecification","valueRequired":true,"valueName":"search_term_string"}}],"inLanguage":"en-US"},{"@type":["Person","Organization"],"@id":"https:\/\/www.beselch.com\/en\/#\/schema\/person\/69cfa5896de7708e84582c6163eee828","name":"Beselch Rodr\u00edguez","image":{"@type":"ImageObject","inLanguage":"en-US","@id":"https:\/\/beselch.com\/wp-content\/uploads\/2021\/05\/BESELCH-13-ESTUDIO.jpg","url":"https:\/\/beselch.com\/wp-content\/uploads\/2021\/05\/BESELCH-13-ESTUDIO.jpg","contentUrl":"https:\/\/beselch.com\/wp-content\/uploads\/2021\/05\/BESELCH-13-ESTUDIO.jpg","width":2000,"height":1333,"caption":"Beselch Rodr\u00edguez"},"logo":{"@id":"https:\/\/beselch.com\/wp-content\/uploads\/2021\/05\/BESELCH-13-ESTUDIO.jpg"},"sameAs":["https:\/\/beselch.com"]}]}},"_links":{"self":[{"href":"https:\/\/www.beselch.com\/en\/wp-json\/wp\/v2\/posts\/1941","targetHints":{"allow":["GET"]}}],"collection":[{"href":"https:\/\/www.beselch.com\/en\/wp-json\/wp\/v2\/posts"}],"about":[{"href":"https:\/\/www.beselch.com\/en\/wp-json\/wp\/v2\/types\/post"}],"author":[{"embeddable":true,"href":"https:\/\/www.beselch.com\/en\/wp-json\/wp\/v2\/users\/2"}],"replies":[{"embeddable":true,"href":"https:\/\/www.beselch.com\/en\/wp-json\/wp\/v2\/comments?post=1941"}],"version-history":[{"count":1,"href":"https:\/\/www.beselch.com\/en\/wp-json\/wp\/v2\/posts\/1941\/revisions"}],"predecessor-version":[{"id":1942,"href":"https:\/\/www.beselch.com\/en\/wp-json\/wp\/v2\/posts\/1941\/revisions\/1942"}],"wp:featuredmedia":[{"embeddable":true,"href":"https:\/\/www.beselch.com\/en\/wp-json\/wp\/v2\/media\/1440"}],"wp:attachment":[{"href":"https:\/\/www.beselch.com\/en\/wp-json\/wp\/v2\/media?parent=1941"}],"wp:term":[{"taxonomy":"category","embeddable":true,"href":"https:\/\/www.beselch.com\/en\/wp-json\/wp\/v2\/categories?post=1941"},{"taxonomy":"post_tag","embeddable":true,"href":"https:\/\/www.beselch.com\/en\/wp-json\/wp\/v2\/tags?post=1941"}],"curies":[{"name":"wp","href":"https:\/\/api.w.org\/{rel}","templated":true}]}}